{"id":75,"date":"2022-06-16T10:29:18","date_gmt":"2022-06-16T10:29:18","guid":{"rendered":"https:\/\/www.mentlik.net\/?p=75"},"modified":"2022-06-16T10:29:18","modified_gmt":"2022-06-16T10:29:18","slug":"synagoga-a-hrbitov-nova-cerekev","status":"publish","type":"post","link":"https:\/\/www.mentlik.net\/index.php\/2022\/06\/16\/synagoga-a-hrbitov-nova-cerekev\/","title":{"rendered":"Synagoga a h\u0159bitov Nov\u00e1 Cerekev"},"content":{"rendered":"\n<p>Prvn\u00ed zn\u00e1mou modlitebnu si \u017eidovsk\u00e1 obec v Nov\u00e9 Cerekvi z\u0159\u00eddila roku 1693. V 18. stolet\u00ed vznikla samostatn\u00e1 budova pro bohoslu\u017eebn\u00e9 ob\u0159ady, a to byla vyu\u017e\u00edv\u00e1na a\u017e do poloviny 19. stolet\u00ed. Na jej\u00edm m\u00edst\u011b pak v roce 1855 obec zbudovala nov\u00fd chr\u00e1m jako halov\u00e9 trojlod\u00ed v &#8222;babylonsko-asyrsk\u00e9m stylu&#8220;. Jej\u00edm projektantem byl \u0160t\u011bp\u00e1n Walser z Pelh\u0159imova.<\/p>\n\n\n\n<p>Jedn\u00e1 se o v\u00fdraznou novorom\u00e1nskou budovu s orient\u00e1ln\u00edmi prvky, \u0161irok\u00fdmi rizalito\u00fdmi v\u011b\u017eemi s cimbu\u0159\u00edm a hodinami v z\u00e1padn\u00edm pr\u016f\u010del\u00ed.<\/p>\n\n\n<div class=\"wp-block-image\">\n<figure class=\"aligncenter size-large\"><img loading=\"lazy\" width=\"768\" height=\"1024\" src=\"https:\/\/www.mentlik.net\/wp-content\/uploads\/2022\/06\/DSC_0023-768x1024.jpg\" alt=\"\" class=\"wp-image-78\" srcset=\"https:\/\/www.mentlik.net\/wp-content\/uploads\/2022\/06\/DSC_0023-768x1024.jpg 768w, https:\/\/www.mentlik.net\/wp-content\/uploads\/2022\/06\/DSC_0023-225x300.jpg 225w, https:\/\/www.mentlik.net\/wp-content\/uploads\/2022\/06\/DSC_0023-1152x1536.jpg 1152w, https:\/\/www.mentlik.net\/wp-content\/uploads\/2022\/06\/DSC_0023-1536x2048.jpg 1536w, https:\/\/www.mentlik.net\/wp-content\/uploads\/2022\/06\/DSC_0023-scaled.jpg 1920w\" sizes=\"(max-width: 768px) 100vw, 768px\" \/><\/figure><\/div>\n\n\n<p>Vnit\u0159n\u00ed prostor se \u010dlen\u00ed na p\u0159eds\u00ed\u0148, halov\u00e9 trojlod\u00ed chr\u00e1mu a absidu na v\u00fdchodn\u00ed st\u011bn\u011b. <\/p>\n\n\n\n<figure class=\"wp-block-image size-large\"><img loading=\"lazy\" width=\"1024\" height=\"768\" src=\"https:\/\/www.mentlik.net\/wp-content\/uploads\/2022\/06\/DSC_0011-1024x768.jpg\" alt=\"\" class=\"wp-image-79\" srcset=\"https:\/\/www.mentlik.net\/wp-content\/uploads\/2022\/06\/DSC_0011-1024x768.jpg 1024w, https:\/\/www.mentlik.net\/wp-content\/uploads\/2022\/06\/DSC_0011-300x225.jpg 300w, https:\/\/www.mentlik.net\/wp-content\/uploads\/2022\/06\/DSC_0011-768x576.jpg 768w, https:\/\/www.mentlik.net\/wp-content\/uploads\/2022\/06\/DSC_0011-1536x1152.jpg 1536w, https:\/\/www.mentlik.net\/wp-content\/uploads\/2022\/06\/DSC_0011-2048x1536.jpg 2048w, https:\/\/www.mentlik.net\/wp-content\/uploads\/2022\/06\/DSC_0011-678x509.jpg 678w, https:\/\/www.mentlik.net\/wp-content\/uploads\/2022\/06\/DSC_0011-326x245.jpg 326w, https:\/\/www.mentlik.net\/wp-content\/uploads\/2022\/06\/DSC_0011-80x60.jpg 80w\" sizes=\"(max-width: 1024px) 100vw, 1024px\" \/><\/figure>\n\n\n\n<p>P\u0159ed n\u00ed je um\u00edst\u011bn mezi dv\u011bma sloupy vysok\u00fd klasicistn\u00ed svatost\u00e1nek s deskami Desatera a biblick\u00fdm cit\u00e1tem &#8222;Svat\u00fd, svat\u00fd, svat\u00fd Hospodin z\u00e1stup\u016f, cel\u00e1 zem\u011b je pln\u00e1 sl\u00e1vy jeho.&#8220;<\/p>\n\n\n\n<figure class=\"wp-block-image size-large\"><img loading=\"lazy\" width=\"1024\" height=\"768\" src=\"https:\/\/www.mentlik.net\/wp-content\/uploads\/2022\/06\/DSC_0013-1024x768.jpg\" alt=\"\" class=\"wp-image-82\" srcset=\"https:\/\/www.mentlik.net\/wp-content\/uploads\/2022\/06\/DSC_0013-1024x768.jpg 1024w, https:\/\/www.mentlik.net\/wp-content\/uploads\/2022\/06\/DSC_0013-300x225.jpg 300w, https:\/\/www.mentlik.net\/wp-content\/uploads\/2022\/06\/DSC_0013-768x576.jpg 768w, https:\/\/www.mentlik.net\/wp-content\/uploads\/2022\/06\/DSC_0013-1536x1152.jpg 1536w, https:\/\/www.mentlik.net\/wp-content\/uploads\/2022\/06\/DSC_0013-2048x1536.jpg 2048w, https:\/\/www.mentlik.net\/wp-content\/uploads\/2022\/06\/DSC_0013-678x509.jpg 678w, https:\/\/www.mentlik.net\/wp-content\/uploads\/2022\/06\/DSC_0013-326x245.jpg 326w, https:\/\/www.mentlik.net\/wp-content\/uploads\/2022\/06\/DSC_0013-80x60.jpg 80w\" sizes=\"(max-width: 1024px) 100vw, 1024px\" \/><\/figure>\n\n\n\n<p>Interi\u00e9r je ze t\u0159\u00ed stan obklopen \u017eensk\u00fdmi galeriemi na masivn\u00edch hranolov\u00fdch pil\u00ed\u0159\u00edch.<\/p>\n\n\n\n<p>Synagoga byla opravov\u00e1na v letech 1905 a 1933. Po deportaci \u017eidovsk\u00e9ho obyvatelstva roce 1942 v n\u00ed byl sklad n\u00e1bytku zabaven\u00e9ho vys\u00eddlen\u00fdm obyvatel\u016fm \u017eidovsk\u00e9ho p\u016fvodu a v letech 1945 &#8211; 1989 slou\u017eila jako sklad Spojen\u00fdch kart\u00e1\u010doven, n.p. Po privatizaci v roce 1990 nad\u00e1le ch\u00e1trala, dokud ji o osm let pozd\u011bji nevykoupila \u017didovsk\u00e1 obec v Praze a neza\u010dala p\u0159ipracovat jej\u00ed celkovou obnovu. Ve\u0159ejnosti byla zp\u0159\u00edstupn\u011bna v \u010dervnu roku 2014.<\/p>\n\n\n<div class=\"wp-block-image\">\n<figure class=\"aligncenter size-large\"><img loading=\"lazy\" width=\"1024\" height=\"768\" src=\"https:\/\/www.mentlik.net\/wp-content\/uploads\/2022\/06\/DSC_0016-1024x768.jpg\" alt=\"\" class=\"wp-image-80\" srcset=\"https:\/\/www.mentlik.net\/wp-content\/uploads\/2022\/06\/DSC_0016-1024x768.jpg 1024w, https:\/\/www.mentlik.net\/wp-content\/uploads\/2022\/06\/DSC_0016-300x225.jpg 300w, https:\/\/www.mentlik.net\/wp-content\/uploads\/2022\/06\/DSC_0016-768x576.jpg 768w, https:\/\/www.mentlik.net\/wp-content\/uploads\/2022\/06\/DSC_0016-1536x1152.jpg 1536w, https:\/\/www.mentlik.net\/wp-content\/uploads\/2022\/06\/DSC_0016-2048x1536.jpg 2048w, https:\/\/www.mentlik.net\/wp-content\/uploads\/2022\/06\/DSC_0016-678x509.jpg 678w, https:\/\/www.mentlik.net\/wp-content\/uploads\/2022\/06\/DSC_0016-326x245.jpg 326w, https:\/\/www.mentlik.net\/wp-content\/uploads\/2022\/06\/DSC_0016-80x60.jpg 80w\" sizes=\"(max-width: 1024px) 100vw, 1024px\" \/><figcaption><sup>Pohled z \u017eensk\u00fdch galeri\u00ed<\/sup><\/figcaption><\/figure><\/div>\n\n\n<p>\u017didovsk\u00fd h\u0159bitov byl zalo\u017een p\u0159ed rokem 1690 na severn\u00edm okraji m\u011bste\u010dka a roku 1866 byl roz\u0161\u00ed\u0159en o pozemek s novogotickou ob\u0159adn\u00ed s\u00edn\u00ed a nov\u00fdm vstupem ze silnice. M\u00e1rnice-ob\u0159adn\u00ed s\u00ed\u0148  je pam\u00e1tkov\u011b nechr\u00e1n\u011bnou budovou. M\u00e1 p\u016fdorys ve tvaru k\u0159\u00ed\u017ee a slou\u017eila jako prostor pro p\u0159\u00edpravu t\u011bla k poh\u0159bu. 9 m hlubok\u00e1 studna pro ritu\u00e1ln\u00ed om\u00fdv\u00e1n\u00ed t\u011bla se nach\u00e1z\u00ed pobl\u00ed\u017e p\u0159i vstupu ze star\u00e9ho h\u0159bitova. Oba h\u0159bitovy slou\u017eily i pro \u017eidovskou obec v Pelh\u0159imov\u011b a dal\u0161\u00ed souv\u011brce v okol\u00ed.<\/p>\n\n\n<div class=\"wp-block-image\">\n<figure class=\"aligncenter size-large\"><img loading=\"lazy\" width=\"1024\" height=\"768\" src=\"https:\/\/www.mentlik.net\/wp-content\/uploads\/2022\/06\/DSC_0061-1024x768.jpg\" alt=\"\" class=\"wp-image-83\" srcset=\"https:\/\/www.mentlik.net\/wp-content\/uploads\/2022\/06\/DSC_0061-1024x768.jpg 1024w, https:\/\/www.mentlik.net\/wp-content\/uploads\/2022\/06\/DSC_0061-300x225.jpg 300w, https:\/\/www.mentlik.net\/wp-content\/uploads\/2022\/06\/DSC_0061-768x576.jpg 768w, https:\/\/www.mentlik.net\/wp-content\/uploads\/2022\/06\/DSC_0061-1536x1152.jpg 1536w, https:\/\/www.mentlik.net\/wp-content\/uploads\/2022\/06\/DSC_0061-2048x1536.jpg 2048w, https:\/\/www.mentlik.net\/wp-content\/uploads\/2022\/06\/DSC_0061-678x509.jpg 678w, https:\/\/www.mentlik.net\/wp-content\/uploads\/2022\/06\/DSC_0061-326x245.jpg 326w, https:\/\/www.mentlik.net\/wp-content\/uploads\/2022\/06\/DSC_0061-80x60.jpg 80w\" sizes=\"(max-width: 1024px) 100vw, 1024px\" \/><figcaption><sup>Ob\u0159adn\u00ed s\u00ed\u0148. V roce 1997 byla ob\u0159adn\u00ed s\u00ed\u0148 z roku 1866 navr\u00e1cena do majetku pra\u017esk\u00e9 \u017eidovsk\u00e9 obce, kter\u00e1 provedla jej\u00ed obnovu.<\/sup><\/figcaption><\/figure><\/div>\n\n\n<p>Ve star\u00e9 \u010d\u00e1sti h\u0159bitova je dochov\u00e1no 138 n\u00e1hrobk\u016f s hebrejsk\u00fdmi n\u00e1pisy z let 1692\u20131865. Poh\u0159b\u00edv\u00e1n\u00ed zapo\u010dalo v prvn\u00ed polovin\u011b 18. stolet\u00ed v severn\u00edm rohu h\u0159bitova, ve druh\u00e9 polovin\u011b 18. stolet\u00ed pokra\u010dovalo ve v\u00fdchodn\u00ed a v 19. stolet\u00ed v ji\u017en\u00ed \u010d\u00e1sti h\u0159bitova. Tehdy sem byli poh\u0159b\u00edv\u00e1ni tak\u00e9 \u017did\u00e9 z Bo\u017eejova (28\u202fpoh\u0159b\u016f), \u010celistn\u00e9, Libkovy Vody, \u00dastra\u0161\u00edna, Vl\u00e1senice, Pavlova, Ryn\u00e1rce, Prose\u010de, \u010c\u00e1strova a Kamene. Z v\u00fdznamn\u00fdch osobnost\u00ed prvn\u00ed poloviny 19. stolet\u00ed jsou zde poh\u0159beni rab\u00edni Zalman Rosenzweig (zem\u0159el 1833) a Meir Kadisch (1842).<\/p>\n\n\n\n<figure class=\"wp-block-image size-large\"><img loading=\"lazy\" width=\"1024\" height=\"768\" src=\"https:\/\/www.mentlik.net\/wp-content\/uploads\/2022\/06\/DSC_0033-1024x768.jpg\" alt=\"\" class=\"wp-image-84\" srcset=\"https:\/\/www.mentlik.net\/wp-content\/uploads\/2022\/06\/DSC_0033-1024x768.jpg 1024w, https:\/\/www.mentlik.net\/wp-content\/uploads\/2022\/06\/DSC_0033-300x225.jpg 300w, https:\/\/www.mentlik.net\/wp-content\/uploads\/2022\/06\/DSC_0033-768x576.jpg 768w, https:\/\/www.mentlik.net\/wp-content\/uploads\/2022\/06\/DSC_0033-1536x1152.jpg 1536w, https:\/\/www.mentlik.net\/wp-content\/uploads\/2022\/06\/DSC_0033-2048x1536.jpg 2048w, https:\/\/www.mentlik.net\/wp-content\/uploads\/2022\/06\/DSC_0033-678x509.jpg 678w, https:\/\/www.mentlik.net\/wp-content\/uploads\/2022\/06\/DSC_0033-326x245.jpg 326w, https:\/\/www.mentlik.net\/wp-content\/uploads\/2022\/06\/DSC_0033-80x60.jpg 80w\" sizes=\"(max-width: 1024px) 100vw, 1024px\" \/><\/figure>\n\n\n\n<p>V nov\u00e9 \u010d\u00e1sti h\u0159bitova je dochov\u00e1no 276 n\u00e1hrobk\u016f, z v\u00fdznamn\u00fdch osobnost\u00ed jsou zde poh\u0159beni zdej\u0161\u00ed rab\u00edn Jicchak Pollatschek, kter\u00fd v Nov\u00e9 Cerekvi p\u016fsobil v letech 1842\u20131881, \u010deskobrodsk\u00fd rab\u00edn Bohumil Aron (zem\u0159el 1900), rab\u00edn Leopold Pollak (zem\u0159el 1926) a posledn\u00ed pelh\u0159imovsk\u00fd rab\u00edn Karel Freud (1858\u20131936). Pod sloupov\u00fdm n\u00e1hrobkem se zedn\u00e1\u0159sk\u00fdmi symboly najdeme urnov\u00fd hrob zdej\u0161\u00edho rod\u00e1ka a v\u00fdznamn\u00e9ho modern\u00edho mal\u00ed\u0159e Alfreda Justitze (1879\u20131934). <\/p>\n\n\n\n<figure class=\"wp-block-image size-large\"><img loading=\"lazy\" width=\"1024\" height=\"768\" src=\"https:\/\/www.mentlik.net\/wp-content\/uploads\/2022\/06\/DSC_0057-1024x768.jpg\" alt=\"\" class=\"wp-image-85\" srcset=\"https:\/\/www.mentlik.net\/wp-content\/uploads\/2022\/06\/DSC_0057-1024x768.jpg 1024w, https:\/\/www.mentlik.net\/wp-content\/uploads\/2022\/06\/DSC_0057-300x225.jpg 300w, https:\/\/www.mentlik.net\/wp-content\/uploads\/2022\/06\/DSC_0057-768x576.jpg 768w, https:\/\/www.mentlik.net\/wp-content\/uploads\/2022\/06\/DSC_0057-1536x1152.jpg 1536w, https:\/\/www.mentlik.net\/wp-content\/uploads\/2022\/06\/DSC_0057-2048x1536.jpg 2048w, https:\/\/www.mentlik.net\/wp-content\/uploads\/2022\/06\/DSC_0057-678x509.jpg 678w, https:\/\/www.mentlik.net\/wp-content\/uploads\/2022\/06\/DSC_0057-326x245.jpg 326w, https:\/\/www.mentlik.net\/wp-content\/uploads\/2022\/06\/DSC_0057-80x60.jpg 80w\" sizes=\"(max-width: 1024px) 100vw, 1024px\" \/><\/figure>\n\n\n\n<p>N\u00e1hrobky jsou rozli\u010dn\u00e9ho zpracov\u00e1n\u00ed od obvykl\u00fdch \u017eidovsk\u00fdch n\u00e1hrobn\u00edch kamen\u016f, p\u0159es v\u00fdtvarn\u011b zaj\u00edmav\u00e9 a kamenicky n\u00e1ro\u010dn\u00e9 novogotick\u00e9 n\u00e1hrobky po novodob\u00e9 st\u00e9ly s charakterem b\u011b\u017en\u00e9ho h\u0159bitova. Novodob\u00e9 \u017eidovsk\u00e9 n\u00e1hrobky jsou \u010dasto zdobeny porcel\u00e1nov\u00fdmi medailonky s fotografiemi. N\u011bkolik des\u00edtek kamenick\u00fdch zna\u010dek umo\u017e\u0148uje ur\u010dit kamenick\u00e9 d\u00edlny, kter\u00e9 zhotovily dan\u00e9 n\u00e1hrobky. Po\u010det z\u00fa\u010dastn\u011bn\u00fdch d\u00edlen je pom\u011brn\u011b vysok\u00fd. N\u00e1hrobky zhotovila mimo jin\u00e9 vyhl\u00e1\u0161en\u00e1 d\u00edlna Ign\u00e1tze Steina z Batelova, kamen\u00edci Hollar z Karl\u00edna, Otto Standtner z Prahy, firma Friedenthal z Brna, kamen\u00edk J. Kadlec z Jistebnice, kamen\u00edk Viktory, J. Herzan a Slab\u00fd z T\u00e1bora, Wrba z Lovosic, Pi\u0161an z Pelh\u0159imova nebo nap\u0159\u00edklad kamen\u00edk E. Markus.<\/p>\n\n\n\n<figure class=\"wp-container-2 wp-block-gallery-1 wp-block-gallery has-nested-images columns-default is-cropped\">\n<figure class=\"wp-block-image size-large\"><img loading=\"lazy\" width=\"1024\" height=\"768\" data-id=\"86\"  src=\"https:\/\/www.mentlik.net\/wp-content\/uploads\/2022\/06\/DSC_0042-1024x768.jpg\" alt=\"\" class=\"wp-image-86\" srcset=\"https:\/\/www.mentlik.net\/wp-content\/uploads\/2022\/06\/DSC_0042-1024x768.jpg 1024w, https:\/\/www.mentlik.net\/wp-content\/uploads\/2022\/06\/DSC_0042-300x225.jpg 300w, https:\/\/www.mentlik.net\/wp-content\/uploads\/2022\/06\/DSC_0042-768x576.jpg 768w, https:\/\/www.mentlik.net\/wp-content\/uploads\/2022\/06\/DSC_0042-1536x1152.jpg 1536w, https:\/\/www.mentlik.net\/wp-content\/uploads\/2022\/06\/DSC_0042-2048x1536.jpg 2048w, https:\/\/www.mentlik.net\/wp-content\/uploads\/2022\/06\/DSC_0042-678x509.jpg 678w, https:\/\/www.mentlik.net\/wp-content\/uploads\/2022\/06\/DSC_0042-326x245.jpg 326w, https:\/\/www.mentlik.net\/wp-content\/uploads\/2022\/06\/DSC_0042-80x60.jpg 80w\" sizes=\"(max-width: 1024px) 100vw, 1024px\" \/><\/figure>\n\n\n\n<figure class=\"wp-block-image size-large\"><img loading=\"lazy\" width=\"1024\" height=\"768\" data-id=\"87\"  src=\"https:\/\/www.mentlik.net\/wp-content\/uploads\/2022\/06\/DSC_0045-1024x768.jpg\" alt=\"\" class=\"wp-image-87\" srcset=\"https:\/\/www.mentlik.net\/wp-content\/uploads\/2022\/06\/DSC_0045-1024x768.jpg 1024w, https:\/\/www.mentlik.net\/wp-content\/uploads\/2022\/06\/DSC_0045-300x225.jpg 300w, https:\/\/www.mentlik.net\/wp-content\/uploads\/2022\/06\/DSC_0045-768x576.jpg 768w, https:\/\/www.mentlik.net\/wp-content\/uploads\/2022\/06\/DSC_0045-1536x1152.jpg 1536w, https:\/\/www.mentlik.net\/wp-content\/uploads\/2022\/06\/DSC_0045-2048x1536.jpg 2048w, https:\/\/www.mentlik.net\/wp-content\/uploads\/2022\/06\/DSC_0045-678x509.jpg 678w, https:\/\/www.mentlik.net\/wp-content\/uploads\/2022\/06\/DSC_0045-326x245.jpg 326w, https:\/\/www.mentlik.net\/wp-content\/uploads\/2022\/06\/DSC_0045-80x60.jpg 80w\" sizes=\"(max-width: 1024px) 100vw, 1024px\" \/><\/figure>\n\n\n\n<figure class=\"wp-block-image size-large\"><img loading=\"lazy\" width=\"1024\" height=\"768\" data-id=\"88\"  src=\"https:\/\/www.mentlik.net\/wp-content\/uploads\/2022\/06\/DSC_0062-1024x768.jpg\" alt=\"\" class=\"wp-image-88\" srcset=\"https:\/\/www.mentlik.net\/wp-content\/uploads\/2022\/06\/DSC_0062-1024x768.jpg 1024w, https:\/\/www.mentlik.net\/wp-content\/uploads\/2022\/06\/DSC_0062-300x225.jpg 300w, https:\/\/www.mentlik.net\/wp-content\/uploads\/2022\/06\/DSC_0062-768x576.jpg 768w, https:\/\/www.mentlik.net\/wp-content\/uploads\/2022\/06\/DSC_0062-1536x1152.jpg 1536w, https:\/\/www.mentlik.net\/wp-content\/uploads\/2022\/06\/DSC_0062-2048x1536.jpg 2048w, https:\/\/www.mentlik.net\/wp-content\/uploads\/2022\/06\/DSC_0062-678x509.jpg 678w, https:\/\/www.mentlik.net\/wp-content\/uploads\/2022\/06\/DSC_0062-326x245.jpg 326w, https:\/\/www.mentlik.net\/wp-content\/uploads\/2022\/06\/DSC_0062-80x60.jpg 80w\" sizes=\"(max-width: 1024px) 100vw, 1024px\" \/><\/figure>\n<\/figure>\n\n\n\n<figure class=\"wp-container-4 wp-block-gallery-3 wp-block-gallery has-nested-images columns-default is-cropped\">\n<figure class=\"wp-block-image size-large\"><img loading=\"lazy\" width=\"768\" height=\"1024\" data-id=\"90\"  src=\"https:\/\/www.mentlik.net\/wp-content\/uploads\/2022\/06\/DSC_0043-768x1024.jpg\" alt=\"\" class=\"wp-image-90\" srcset=\"https:\/\/www.mentlik.net\/wp-content\/uploads\/2022\/06\/DSC_0043-768x1024.jpg 768w, https:\/\/www.mentlik.net\/wp-content\/uploads\/2022\/06\/DSC_0043-225x300.jpg 225w, https:\/\/www.mentlik.net\/wp-content\/uploads\/2022\/06\/DSC_0043-1152x1536.jpg 1152w, https:\/\/www.mentlik.net\/wp-content\/uploads\/2022\/06\/DSC_0043-1536x2048.jpg 1536w, https:\/\/www.mentlik.net\/wp-content\/uploads\/2022\/06\/DSC_0043-scaled.jpg 1920w\" sizes=\"(max-width: 768px) 100vw, 768px\" \/><\/figure>\n\n\n\n<figure class=\"wp-block-image size-large\"><img loading=\"lazy\" width=\"768\" height=\"1024\" data-id=\"91\"  src=\"https:\/\/www.mentlik.net\/wp-content\/uploads\/2022\/06\/DSC_0044-768x1024.jpg\" alt=\"\" class=\"wp-image-91\" srcset=\"https:\/\/www.mentlik.net\/wp-content\/uploads\/2022\/06\/DSC_0044-768x1024.jpg 768w, https:\/\/www.mentlik.net\/wp-content\/uploads\/2022\/06\/DSC_0044-225x300.jpg 225w, https:\/\/www.mentlik.net\/wp-content\/uploads\/2022\/06\/DSC_0044-1152x1536.jpg 1152w, https:\/\/www.mentlik.net\/wp-content\/uploads\/2022\/06\/DSC_0044-1536x2048.jpg 1536w, https:\/\/www.mentlik.net\/wp-content\/uploads\/2022\/06\/DSC_0044-scaled.jpg 1920w\" sizes=\"(max-width: 768px) 100vw, 768px\" \/><\/figure>\n\n\n\n<figure class=\"wp-block-image size-large\"><img loading=\"lazy\" width=\"768\" height=\"1024\" data-id=\"89\"  src=\"https:\/\/www.mentlik.net\/wp-content\/uploads\/2022\/06\/DSC_0054-768x1024.jpg\" alt=\"\" class=\"wp-image-89\" srcset=\"https:\/\/www.mentlik.net\/wp-content\/uploads\/2022\/06\/DSC_0054-768x1024.jpg 768w, https:\/\/www.mentlik.net\/wp-content\/uploads\/2022\/06\/DSC_0054-225x300.jpg 225w, https:\/\/www.mentlik.net\/wp-content\/uploads\/2022\/06\/DSC_0054-1152x1536.jpg 1152w, https:\/\/www.mentlik.net\/wp-content\/uploads\/2022\/06\/DSC_0054-1536x2048.jpg 1536w, https:\/\/www.mentlik.net\/wp-content\/uploads\/2022\/06\/DSC_0054-scaled.jpg 1920w\" sizes=\"(max-width: 768px) 100vw, 768px\" \/><\/figure>\n<\/figure>\n\n\n\n<hr class=\"wp-block-separator has-alpha-channel-opacity\"\/>\n\n\n\n<h2>Mapa<\/h2>\n\n\n\n<iframe src=\"https:\/\/www.google.com\/maps\/embed?pb=!1m14!1m12!1m3!1d4779.442182139699!2d15.11790616639587!3d49.41808917177321!2m3!1f0!2f0!3f0!3m2!1i1024!2i768!4f13.1!5e1!3m2!1scs!2scz!4v1655374731609!5m2!1scs!2scz\" width=\"600\" height=\"450\" style=\"border:0;\" allowfullscreen=\"\" loading=\"lazy\" referrerpolicy=\"no-referrer-when-downgrade\"><\/iframe>\n\n\n\n<h2>Odkazy<\/h2>\n\n\n\n<ul><li><a rel=\"noreferrer noopener\" href=\"https:\/\/www.novacerekev.cz\/synagoga-v-nove-cerekvi\/ds-3857\" target=\"_blank\">Synagoga v Nov\u00e9 Cerekvi<\/a><\/li><li><a href=\"https:\/\/cs.wikipedia.org\/wiki\/Synagoga_v_Nov%C3%A9_Cerekvi\">Synagoga v Nov\u00e9 Cerekvi (Wikipedie)<\/a><\/li><li><a rel=\"noreferrer noopener\" href=\"https:\/\/www.npu.cz\/cs\/opravujete-pamatku\/inspirujte-se\/5178-synagoga-v-nove-cerekvi\" target=\"_blank\">Synagoga v Nov\u00e9 Cerekvi (NP\u00da)<\/a><\/li><li><a href=\"https:\/\/www.pamatkovykatalog.cz\/novy-hrbitov-13770687\" target=\"_blank\" rel=\"noreferrer noopener\">\u017didovsk\u00fd h\u0159bitov v Nov\u00e9 Cerekvi (NP\u00da)<\/a><\/li><\/ul>\n","protected":false},"excerpt":{"rendered":"<div class=\"mh-excerpt\"><p>Prvn\u00ed zn\u00e1mou modlitebnu si \u017eidovsk\u00e1 obec v Nov\u00e9 Cerekvi z\u0159\u00eddila roku 1693. V 18. stolet\u00ed vznikla samostatn\u00e1 budova pro bohoslu\u017eebn\u00e9 ob\u0159ady, a to byla vyu\u017e\u00edv\u00e1na <a class=\"mh-excerpt-more\" href=\"https:\/\/www.mentlik.net\/index.php\/2022\/06\/16\/synagoga-a-hrbitov-nova-cerekev\/\" title=\"Synagoga a h\u0159bitov Nov\u00e1 Cerekev\">[&#8230;]<\/a><\/p>\n<\/div>","protected":false},"author":1,"featured_media":77,"comment_status":"open","ping_status":"","sticky":false,"template":"","format":"standard","meta":[],"categories":[7,2],"tags":[5,8,4,3],"_links":{"self":[{"href":"https:\/\/www.mentlik.net\/index.php\/wp-json\/wp\/v2\/posts\/75"}],"collection":[{"href":"https:\/\/www.mentlik.net\/index.php\/wp-json\/wp\/v2\/posts"}],"about":[{"href":"https:\/\/www.mentlik.net\/index.php\/wp-json\/wp\/v2\/types\/post"}],"author":[{"embeddable":true,"href":"https:\/\/www.mentlik.net\/index.php\/wp-json\/wp\/v2\/users\/1"}],"replies":[{"embeddable":true,"href":"https:\/\/www.mentlik.net\/index.php\/wp-json\/wp\/v2\/comments?post=75"}],"version-history":[{"count":1,"href":"https:\/\/www.mentlik.net\/index.php\/wp-json\/wp\/v2\/posts\/75\/revisions"}],"predecessor-version":[{"id":92,"href":"https:\/\/www.mentlik.net\/index.php\/wp-json\/wp\/v2\/posts\/75\/revisions\/92"}],"wp:featuredmedia":[{"embeddable":true,"href":"https:\/\/www.mentlik.net\/index.php\/wp-json\/wp\/v2\/media\/77"}],"wp:attachment":[{"href":"https:\/\/www.mentlik.net\/index.php\/wp-json\/wp\/v2\/media?parent=75"}],"wp:term":[{"taxonomy":"category","embeddable":true,"href":"https:\/\/www.mentlik.net\/index.php\/wp-json\/wp\/v2\/categories?post=75"},{"taxonomy":"post_tag","embeddable":true,"href":"https:\/\/www.mentlik.net\/index.php\/wp-json\/wp\/v2\/tags?post=75"}],"curies":[{"name":"wp","href":"https:\/\/api.w.org\/{rel}","templated":true}]}}