{"id":63,"date":"2022-06-15T13:14:25","date_gmt":"2022-06-15T13:14:25","guid":{"rendered":"http:\/\/www.mentlik.net\/?p=63"},"modified":"2022-06-15T13:14:57","modified_gmt":"2022-06-15T13:14:57","slug":"zidovsky-hrbitov-jindrichuv-hradec","status":"publish","type":"post","link":"https:\/\/www.mentlik.net\/index.php\/2022\/06\/15\/zidovsky-hrbitov-jindrichuv-hradec\/","title":{"rendered":"\u017didovsk\u00fd h\u0159bitov Jind\u0159ich\u016fv Hradec"},"content":{"rendered":"\n<p>\u017didovsk\u00fd h\u0159bitov pat\u0159\u00ed k nejstar\u0161\u00edm \u017eidovsk\u00fdm h\u0159bitov\u016fm v \u010cech\u00e1ch. Zalo\u017een byl \u00fadajn\u011b zalo\u017een kolem roku 1400, prvn\u00ed p\u00edsemn\u00e9 zm\u00ednky v\u0161ak poch\u00e1zej\u00ed a\u017e z 16. stolet\u00ed. V letech 1557 a 1576 byl roz\u0161\u00ed\u0159en a ohrazen d\u0159ev\u011bn\u00fdm plotem.  <\/p>\n\n\n\n<figure class=\"wp-block-image size-large\"><img loading=\"lazy\" width=\"1024\" height=\"768\" src=\"https:\/\/www.mentlik.net\/wp-content\/uploads\/2022\/06\/DSC_0156-1024x768.jpg\" alt=\"\" class=\"wp-image-65\" srcset=\"https:\/\/www.mentlik.net\/wp-content\/uploads\/2022\/06\/DSC_0156-1024x768.jpg 1024w, https:\/\/www.mentlik.net\/wp-content\/uploads\/2022\/06\/DSC_0156-300x225.jpg 300w, https:\/\/www.mentlik.net\/wp-content\/uploads\/2022\/06\/DSC_0156-768x576.jpg 768w, https:\/\/www.mentlik.net\/wp-content\/uploads\/2022\/06\/DSC_0156-1536x1152.jpg 1536w, https:\/\/www.mentlik.net\/wp-content\/uploads\/2022\/06\/DSC_0156-2048x1536.jpg 2048w, https:\/\/www.mentlik.net\/wp-content\/uploads\/2022\/06\/DSC_0156-678x509.jpg 678w, https:\/\/www.mentlik.net\/wp-content\/uploads\/2022\/06\/DSC_0156-326x245.jpg 326w, https:\/\/www.mentlik.net\/wp-content\/uploads\/2022\/06\/DSC_0156-80x60.jpg 80w\" sizes=\"(max-width: 1024px) 100vw, 1024px\" \/><\/figure>\n\n\n\n<p>Star\u0161\u00ed \u010d\u00e1st h\u0159bitova le\u017e\u00ed na strm\u00e9m svahu nad Ne\u017e\u00e1rkou, nejnov\u011bj\u0161\u00ed \u010d\u00e1st na rovin\u011b nad n\u00ed.<\/p>\n\n\n\n<figure class=\"wp-block-image size-large\"><img loading=\"lazy\" width=\"1024\" height=\"768\" src=\"https:\/\/www.mentlik.net\/wp-content\/uploads\/2022\/06\/DSC_0145-1024x768.jpg\" alt=\"\" class=\"wp-image-66\" srcset=\"https:\/\/www.mentlik.net\/wp-content\/uploads\/2022\/06\/DSC_0145-1024x768.jpg 1024w, https:\/\/www.mentlik.net\/wp-content\/uploads\/2022\/06\/DSC_0145-300x225.jpg 300w, https:\/\/www.mentlik.net\/wp-content\/uploads\/2022\/06\/DSC_0145-768x576.jpg 768w, https:\/\/www.mentlik.net\/wp-content\/uploads\/2022\/06\/DSC_0145-1536x1152.jpg 1536w, https:\/\/www.mentlik.net\/wp-content\/uploads\/2022\/06\/DSC_0145-2048x1536.jpg 2048w, https:\/\/www.mentlik.net\/wp-content\/uploads\/2022\/06\/DSC_0145-678x509.jpg 678w, https:\/\/www.mentlik.net\/wp-content\/uploads\/2022\/06\/DSC_0145-326x245.jpg 326w, https:\/\/www.mentlik.net\/wp-content\/uploads\/2022\/06\/DSC_0145-80x60.jpg 80w\" sizes=\"(max-width: 1024px) 100vw, 1024px\" \/><\/figure>\n\n\n\n<p>Ke stavb\u011b ohradn\u00ed zdi do\u0161lo roku 1736. Roku 1773 byl h\u0159bitov znovu roz\u0161\u00ed\u0159en a obezd\u011bn. Z\u00e1sluhou tov\u00e1rn\u00edka Ignatze Bobele byl h\u0159bitov kolem roku 1865 zv\u011bt\u0161en je\u0161t\u011b jednou, kdy byl roz\u0161\u00ed\u0159en sm\u011brem od Ne\u017e\u00e1rky nahoru. Pot\u0159eba tohoto kroku byla o to nal\u00e9hav\u011bj\u0161\u00ed, \u017ee v t\u00e9to dob\u011b tu byli poh\u0159b\u00edv\u00e1ni tak\u00e9 \u017did\u00e9 z okoln\u00edch \u017eidovsk\u00fdch obc\u00ed, kter\u00e9 je\u0161t\u011b nem\u011bly h\u0159bitov vlastn\u00ed. <\/p>\n\n\n\n<p>\u017didovsk\u00e9 obci velmi citeln\u011b chyb\u011bla ob\u0159adn\u00ed s\u00ed\u0148, kter\u00e1 byla postavena v pr\u016fb\u011bhu let 1936 \u2013 1937, zkolaudov\u00e1na byla v srpnu roku 1937. Budova ob\u0159adn\u00ed s\u00edn\u011b byla slavnostn\u011b otev\u0159ena poh\u0159ebn\u00edm bratrstvem v ned\u011bli 29. srpna 1937. <\/p>\n\n\n\n<figure class=\"wp-block-image size-large\"><img loading=\"lazy\" width=\"1024\" height=\"768\" src=\"https:\/\/www.mentlik.net\/wp-content\/uploads\/2022\/06\/DSC_0151-1024x768.jpg\" alt=\"\" class=\"wp-image-67\" srcset=\"https:\/\/www.mentlik.net\/wp-content\/uploads\/2022\/06\/DSC_0151-1024x768.jpg 1024w, https:\/\/www.mentlik.net\/wp-content\/uploads\/2022\/06\/DSC_0151-300x225.jpg 300w, https:\/\/www.mentlik.net\/wp-content\/uploads\/2022\/06\/DSC_0151-768x576.jpg 768w, https:\/\/www.mentlik.net\/wp-content\/uploads\/2022\/06\/DSC_0151-1536x1152.jpg 1536w, https:\/\/www.mentlik.net\/wp-content\/uploads\/2022\/06\/DSC_0151-2048x1536.jpg 2048w, https:\/\/www.mentlik.net\/wp-content\/uploads\/2022\/06\/DSC_0151-678x509.jpg 678w, https:\/\/www.mentlik.net\/wp-content\/uploads\/2022\/06\/DSC_0151-326x245.jpg 326w, https:\/\/www.mentlik.net\/wp-content\/uploads\/2022\/06\/DSC_0151-80x60.jpg 80w\" sizes=\"(max-width: 1024px) 100vw, 1024px\" \/><\/figure>\n\n\n\n<p>Na plo\u0161e 3.314 metr\u016f \u010dtvere\u010dn\u00edch je dochov\u00e1no asi 400 n\u00e1hrobk\u016f od roku 1638, mezi nimi \u0159ada cenn\u00fdch n\u00e1hrobk\u016f barokn\u00edho a klasicistn\u00edho typu. <\/p>\n\n\n\n<figure class=\"wp-block-image size-large\"><img loading=\"lazy\" width=\"1024\" height=\"768\" src=\"https:\/\/www.mentlik.net\/wp-content\/uploads\/2022\/06\/DSC_0157-1024x768.jpg\" alt=\"\" class=\"wp-image-68\" srcset=\"https:\/\/www.mentlik.net\/wp-content\/uploads\/2022\/06\/DSC_0157-1024x768.jpg 1024w, https:\/\/www.mentlik.net\/wp-content\/uploads\/2022\/06\/DSC_0157-300x225.jpg 300w, https:\/\/www.mentlik.net\/wp-content\/uploads\/2022\/06\/DSC_0157-768x576.jpg 768w, https:\/\/www.mentlik.net\/wp-content\/uploads\/2022\/06\/DSC_0157-1536x1152.jpg 1536w, https:\/\/www.mentlik.net\/wp-content\/uploads\/2022\/06\/DSC_0157-2048x1536.jpg 2048w, https:\/\/www.mentlik.net\/wp-content\/uploads\/2022\/06\/DSC_0157-678x509.jpg 678w, https:\/\/www.mentlik.net\/wp-content\/uploads\/2022\/06\/DSC_0157-326x245.jpg 326w, https:\/\/www.mentlik.net\/wp-content\/uploads\/2022\/06\/DSC_0157-80x60.jpg 80w\" sizes=\"(max-width: 1024px) 100vw, 1024px\" \/><\/figure>\n\n\n\n<p>Nejstar\u0161\u00ed dochovan\u00fd n\u00e1hrobek tradi\u010dn\u00ed kvadr\u00e1tn\u00ed formy poch\u00e1z\u00ed z roku 1638. K zaj\u00edmav\u011bj\u0161\u00edm z dal\u0161\u00edch \u010dty\u0159iceti kamenick\u00fdch prac\u00ed ze 17.-18. stolet\u00ed se \u0159ad\u00ed man\u017eelsk\u00fd n\u00e1hrobek ve tvaru Moj\u017e\u00ed\u0161ov\u00fdch desek z doby 1729 a\u017e 1731, dva n\u00e1hrobky se symbolem \u017eehnaj\u00edc\u00edch rukou (kn\u011b\u017esk\u00e1 rodina Kohen\u016f) z let 1769 a 1772 , z mlad\u0161\u00edch pak n\u00e1hrobek s Davidovou hv\u011bzdou z roku 1809 (Jakutil, syn \u0160emuela levity)<\/p>\n\n\n\n<figure class=\"wp-container-2 wp-block-gallery-1 wp-block-gallery columns-3 is-cropped\"><ul class=\"blocks-gallery-grid\"><li class=\"blocks-gallery-item\"><figure><img loading=\"lazy\" width=\"768\" height=\"1024\" src=\"https:\/\/www.mentlik.net\/wp-content\/uploads\/2022\/06\/DSC_0140-768x1024.jpg\" alt=\"\" data-id=\"69\" data-full-url=\"https:\/\/www.mentlik.net\/wp-content\/uploads\/2022\/06\/DSC_0140-scaled.jpg\" data-link=\"https:\/\/www.mentlik.net\/?attachment_id=69\" class=\"wp-image-69\" srcset=\"https:\/\/www.mentlik.net\/wp-content\/uploads\/2022\/06\/DSC_0140-768x1024.jpg 768w, https:\/\/www.mentlik.net\/wp-content\/uploads\/2022\/06\/DSC_0140-225x300.jpg 225w, https:\/\/www.mentlik.net\/wp-content\/uploads\/2022\/06\/DSC_0140-1152x1536.jpg 1152w, https:\/\/www.mentlik.net\/wp-content\/uploads\/2022\/06\/DSC_0140-1536x2048.jpg 1536w, https:\/\/www.mentlik.net\/wp-content\/uploads\/2022\/06\/DSC_0140-scaled.jpg 1920w\" sizes=\"(max-width: 768px) 100vw, 768px\" \/><\/figure><\/li><li class=\"blocks-gallery-item\"><figure><img loading=\"lazy\" width=\"768\" height=\"1024\" src=\"https:\/\/www.mentlik.net\/wp-content\/uploads\/2022\/06\/DSC_0152-768x1024.jpg\" alt=\"\" data-id=\"70\" data-full-url=\"https:\/\/www.mentlik.net\/wp-content\/uploads\/2022\/06\/DSC_0152-scaled.jpg\" data-link=\"https:\/\/www.mentlik.net\/?attachment_id=70\" class=\"wp-image-70\" srcset=\"https:\/\/www.mentlik.net\/wp-content\/uploads\/2022\/06\/DSC_0152-768x1024.jpg 768w, https:\/\/www.mentlik.net\/wp-content\/uploads\/2022\/06\/DSC_0152-225x300.jpg 225w, https:\/\/www.mentlik.net\/wp-content\/uploads\/2022\/06\/DSC_0152-1152x1536.jpg 1152w, https:\/\/www.mentlik.net\/wp-content\/uploads\/2022\/06\/DSC_0152-1536x2048.jpg 1536w, https:\/\/www.mentlik.net\/wp-content\/uploads\/2022\/06\/DSC_0152-scaled.jpg 1920w\" sizes=\"(max-width: 768px) 100vw, 768px\" \/><\/figure><\/li><li class=\"blocks-gallery-item\"><figure><img loading=\"lazy\" width=\"768\" height=\"1024\" src=\"https:\/\/www.mentlik.net\/wp-content\/uploads\/2022\/06\/DSC_0153-768x1024.jpg\" alt=\"\" data-id=\"71\" data-full-url=\"https:\/\/www.mentlik.net\/wp-content\/uploads\/2022\/06\/DSC_0153-scaled.jpg\" data-link=\"https:\/\/www.mentlik.net\/?attachment_id=71\" class=\"wp-image-71\" srcset=\"https:\/\/www.mentlik.net\/wp-content\/uploads\/2022\/06\/DSC_0153-768x1024.jpg 768w, https:\/\/www.mentlik.net\/wp-content\/uploads\/2022\/06\/DSC_0153-225x300.jpg 225w, https:\/\/www.mentlik.net\/wp-content\/uploads\/2022\/06\/DSC_0153-1152x1536.jpg 1152w, https:\/\/www.mentlik.net\/wp-content\/uploads\/2022\/06\/DSC_0153-1536x2048.jpg 1536w, https:\/\/www.mentlik.net\/wp-content\/uploads\/2022\/06\/DSC_0153-scaled.jpg 1920w\" sizes=\"(max-width: 768px) 100vw, 768px\" \/><\/figure><\/li><\/ul><\/figure>\n\n\n\n<figure class=\"wp-block-video\"><video controls src=\"https:\/\/www.mentlik.net\/wp-content\/uploads\/2022\/06\/MOV_0160.mp4\"><\/video><\/figure>\n\n\n\n<p><\/p>\n\n\n\n<hr class=\"wp-block-separator\"\/>\n\n\n\n<h2>Mapa<\/h2>\n\n\n\n<iframe src=\"https:\/\/www.google.com\/maps\/embed?pb=!1m18!1m12!1m3!1d2610.5344609212034!2d14.99367341610945!3d49.133476079315386!2m3!1f0!2f0!3f0!3m2!1i1024!2i768!4f13.1!3m3!1m2!1s0x470cce1d1d4c310d%3A0x3cc52d5f45326c88!2zxb1pZG92c2vDvSBoxZliaXRvdiBKaW5kxZlpY2jFr3YgSHJhZGVj!5e0!3m2!1scs!2scz!4v1655298241499!5m2!1scs!2scz\" width=\"600\" height=\"450\" style=\"border:0;\" allowfullscreen=\"\" loading=\"lazy\" referrerpolicy=\"no-referrer-when-downgrade\"><\/iframe>\n\n\n\n<h2>Odkazy<\/h2>\n\n\n\n<ul><li><a rel=\"noreferrer noopener\" href=\"https:\/\/pamatkovykatalog.cz\/zidovsky-hrbitov-675189\" target=\"_blank\">\u017didovsk\u00fd h\u0159bitov Jind\u0159ich\u016fv Hradec (NP\u00da)<\/a><\/li><li><a rel=\"noreferrer noopener\" href=\"https:\/\/cs.wikipedia.org\/wiki\/%C5%BDidovsk%C3%BD_h%C5%99bitov_v_Jind%C5%99ichov%C4%9B_Hradci\" target=\"_blank\">\u017didovsk\u00fd h\u0159bitov v Jind\u0159ichov\u011b Hradci (Wikipedie)<\/a><\/li><li><a href=\"https:\/\/infocentrum.jh.cz\/cs\/pamatky-a-zajimavosti-mesta-stare\/sakralni-pamatky-a-vyznamne-historiske-stavby\/zidovsky-hrbitov.html\" target=\"_blank\" rel=\"noreferrer noopener\">M\u011bstsk\u00e9 informa\u010dn\u00ed centrum Jind\u0159ich\u016fv Hradec &#8211; \u017didovsk\u00fd h\u0159bitov<\/a><\/li><\/ul>\n","protected":false},"excerpt":{"rendered":"<div class=\"mh-excerpt\"><p>\u017didovsk\u00fd h\u0159bitov pat\u0159\u00ed k nejstar\u0161\u00edm \u017eidovsk\u00fdm h\u0159bitov\u016fm v \u010cech\u00e1ch. Zalo\u017een byl \u00fadajn\u011b zalo\u017een kolem roku 1400, prvn\u00ed p\u00edsemn\u00e9 zm\u00ednky v\u0161ak poch\u00e1zej\u00ed a\u017e z 16. stolet\u00ed. <a class=\"mh-excerpt-more\" href=\"https:\/\/www.mentlik.net\/index.php\/2022\/06\/15\/zidovsky-hrbitov-jindrichuv-hradec\/\" title=\"\u017didovsk\u00fd h\u0159bitov Jind\u0159ich\u016fv Hradec\">[&#8230;]<\/a><\/p>\n<\/div>","protected":false},"author":1,"featured_media":64,"comment_status":"open","ping_status":"open","sticky":false,"template":"","format":"standard","meta":[],"categories":[2],"tags":[5,4,3],"_links":{"self":[{"href":"https:\/\/www.mentlik.net\/index.php\/wp-json\/wp\/v2\/posts\/63"}],"collection":[{"href":"https:\/\/www.mentlik.net\/index.php\/wp-json\/wp\/v2\/posts"}],"about":[{"href":"https:\/\/www.mentlik.net\/index.php\/wp-json\/wp\/v2\/types\/post"}],"author":[{"embeddable":true,"href":"https:\/\/www.mentlik.net\/index.php\/wp-json\/wp\/v2\/users\/1"}],"replies":[{"embeddable":true,"href":"https:\/\/www.mentlik.net\/index.php\/wp-json\/wp\/v2\/comments?post=63"}],"version-history":[{"count":1,"href":"https:\/\/www.mentlik.net\/index.php\/wp-json\/wp\/v2\/posts\/63\/revisions"}],"predecessor-version":[{"id":73,"href":"https:\/\/www.mentlik.net\/index.php\/wp-json\/wp\/v2\/posts\/63\/revisions\/73"}],"wp:featuredmedia":[{"embeddable":true,"href":"https:\/\/www.mentlik.net\/index.php\/wp-json\/wp\/v2\/media\/64"}],"wp:attachment":[{"href":"https:\/\/www.mentlik.net\/index.php\/wp-json\/wp\/v2\/media?parent=63"}],"wp:term":[{"taxonomy":"category","embeddable":true,"href":"https:\/\/www.mentlik.net\/index.php\/wp-json\/wp\/v2\/categories?post=63"},{"taxonomy":"post_tag","embeddable":true,"href":"https:\/\/www.mentlik.net\/index.php\/wp-json\/wp\/v2\/tags?post=63"}],"curies":[{"name":"wp","href":"https:\/\/api.w.org\/{rel}","templated":true}]}}