{"id":33,"date":"2022-06-15T06:13:47","date_gmt":"2022-06-15T06:13:47","guid":{"rendered":"http:\/\/www.mentlik.net\/?p=33"},"modified":"2022-06-15T08:53:28","modified_gmt":"2022-06-15T08:53:28","slug":"zidovsky-hrbitov-trebon","status":"publish","type":"post","link":"https:\/\/www.mentlik.net\/index.php\/2022\/06\/15\/zidovsky-hrbitov-trebon\/","title":{"rendered":"\u017didovsk\u00fd h\u0159bitov T\u0159ebo\u0148"},"content":{"rendered":"\n<p>Nepo\u010detn\u00e9 \u017eidovsk\u00e9 os\u00eddlen\u00ed je v T\u0159eboni dolo\u017eeno od posledn\u00ed \u010dtvrtiny 18. stolet\u00ed, dal\u0161\u00ed rodiny z okoln\u00edho venkova se sm\u011bly ve m\u011bst\u011b usazovat a\u017e od poloviny 19. stolet\u00ed. Ve m\u011bst\u011b T\u0159eboni a na t\u0159ebo\u0148sk\u00e9m panstv\u00ed nebyla a\u017e do druh\u00e9 poloviny 19. stolet\u00ed \u017e\u00e1dn\u00e1 \u017eidovsk\u00e1 obec. V jednotliv\u00fdch m\u011bstech \u010di m\u011bste\u010dk\u00e1ch \u017eilo jen n\u011bkolik \u017eidovsk\u00fdch rodin. Na cel\u00e9m panstv\u00ed kolem roku 1830 \u017eilo sedm \u017eidovsk\u00fdch rodin. \u017divili se v\u011bt\u0161inou jako n\u00e1jemci vrchnostensk\u00fdch hospod\u00e1\u0159sk\u00fdch za\u0159\u00edzen\u00ed. <\/p>\n\n\n\n<figure class=\"wp-block-image size-large\"><img loading=\"lazy\" width=\"1024\" height=\"768\" src=\"https:\/\/www.mentlik.net\/wp-content\/uploads\/2022\/06\/DSC_0105-1024x768.jpg\" alt=\"\" class=\"wp-image-36\" srcset=\"https:\/\/www.mentlik.net\/wp-content\/uploads\/2022\/06\/DSC_0105-1024x768.jpg 1024w, https:\/\/www.mentlik.net\/wp-content\/uploads\/2022\/06\/DSC_0105-300x225.jpg 300w, https:\/\/www.mentlik.net\/wp-content\/uploads\/2022\/06\/DSC_0105-768x576.jpg 768w, https:\/\/www.mentlik.net\/wp-content\/uploads\/2022\/06\/DSC_0105-1536x1152.jpg 1536w, https:\/\/www.mentlik.net\/wp-content\/uploads\/2022\/06\/DSC_0105-2048x1536.jpg 2048w, https:\/\/www.mentlik.net\/wp-content\/uploads\/2022\/06\/DSC_0105-678x509.jpg 678w, https:\/\/www.mentlik.net\/wp-content\/uploads\/2022\/06\/DSC_0105-326x245.jpg 326w, https:\/\/www.mentlik.net\/wp-content\/uploads\/2022\/06\/DSC_0105-80x60.jpg 80w\" sizes=\"(max-width: 1024px) 100vw, 1024px\" \/><\/figure>\n\n\n\n<p>Prvn\u00ed zn\u00e1mou \u017eidovskou rodinou byla rodina obchodn\u00edka a n\u00e1jemce vinopalny Abrahama Sterna. Roku 1880 ve m\u011bst\u011b bydlelo 181 \u017did\u016f (3,1% v\u0161ech obyvatel), roku 1900 \u2013 77 \u017did\u016f (1,4% v\u0161ech obyvatel), roku 1910 \u2013 63 \u017did\u016f, roku 1921 \u2013 55 \u017did\u016f a roku 1930 \u2013 43 \u017did\u016f (0,8% v\u0161ech obyvatel). Modlitebn\u00ed spolek, ustaven\u00fd p\u0159ed rokem 1857, se pravd\u011bpodobn\u011b roku 1893 zm\u011bnil na samostatnou n\u00e1bo\u017eenskou obec, zru\u0161enou a\u017e nacisty. Do konce 19. stolet\u00ed byli \u017did\u00e9 z T\u0159ebon\u011b poh\u0159b\u00edv\u00e1ni na h\u0159bitov\u011b ve Str\u00e1\u017ei nad Ne\u017e\u00e1rkou. <\/p>\n\n\n\n<figure class=\"wp-block-image size-large\"><img loading=\"lazy\" width=\"1024\" height=\"768\" src=\"https:\/\/www.mentlik.net\/wp-content\/uploads\/2022\/06\/DSC_0102-1024x768.jpg\" alt=\"\" class=\"wp-image-37\" srcset=\"https:\/\/www.mentlik.net\/wp-content\/uploads\/2022\/06\/DSC_0102-1024x768.jpg 1024w, https:\/\/www.mentlik.net\/wp-content\/uploads\/2022\/06\/DSC_0102-300x225.jpg 300w, https:\/\/www.mentlik.net\/wp-content\/uploads\/2022\/06\/DSC_0102-768x576.jpg 768w, https:\/\/www.mentlik.net\/wp-content\/uploads\/2022\/06\/DSC_0102-1536x1152.jpg 1536w, https:\/\/www.mentlik.net\/wp-content\/uploads\/2022\/06\/DSC_0102-2048x1536.jpg 2048w, https:\/\/www.mentlik.net\/wp-content\/uploads\/2022\/06\/DSC_0102-678x509.jpg 678w, https:\/\/www.mentlik.net\/wp-content\/uploads\/2022\/06\/DSC_0102-326x245.jpg 326w, https:\/\/www.mentlik.net\/wp-content\/uploads\/2022\/06\/DSC_0102-80x60.jpg 80w\" sizes=\"(max-width: 1024px) 100vw, 1024px\" \/><\/figure>\n\n\n\n<p>O z\u0159\u00edzen\u00ed vlastn\u00edho h\u0159bitova usilovali od prvn\u00ed poloviny 90. let 19. stolet\u00ed. 26. \u010dervence 1894 napsal \u017e\u00e1dost o zalo\u017een\u00ed h\u0159bitova p\u0159edseda \u017eidovsk\u00e9 n\u00e1bo\u017eensk\u00e9 obce Salomon Ornstein. Jedn\u00e1n\u00ed o zalo\u017een\u00ed h\u0159bitova ale trvalo n\u011bkolik let. A\u017e 27. \u010dervence 1897 se se\u0161la komise za \u00fa\u010delem povolen\u00ed z\u0159\u00edzen\u00ed \u017eidovsk\u00e9ho h\u0159bitova na \u010d\u00e1sti lesn\u00ed parcely za m\u011bstem. V protokolu je zaps\u00e1no, \u017ee je \u017e\u00e1douc\u00ed, aby pr\u016f\u010del\u00ed h\u0159bitova bylo obr\u00e1ceno k cest\u011b, aby h\u0159bitov byl ohrazen\u00fd cca 2 metry vysokou zd\u00ed a ze v\u0161ech stran uzav\u0159en\u00fd. 20. \u010dervna 1900 prob\u011bhla kolaudace h\u0159bitova, komise konstatovala, \u017ee h\u0159bitov byl postaven dob\u0159e a v\u0161em podm\u00ednk\u00e1m se vyhov\u011blo. 18. \u010dervence 1900 bylo vyd\u00e1no povolen\u00ed k poh\u0159b\u00edv\u00e1n\u00ed. <\/p>\n\n\n\n<figure class=\"wp-block-image size-large\"><img loading=\"lazy\" width=\"1024\" height=\"768\" src=\"https:\/\/www.mentlik.net\/wp-content\/uploads\/2022\/06\/DSC_0101-1024x768.jpg\" alt=\"\" class=\"wp-image-38\" srcset=\"https:\/\/www.mentlik.net\/wp-content\/uploads\/2022\/06\/DSC_0101-1024x768.jpg 1024w, https:\/\/www.mentlik.net\/wp-content\/uploads\/2022\/06\/DSC_0101-300x225.jpg 300w, https:\/\/www.mentlik.net\/wp-content\/uploads\/2022\/06\/DSC_0101-768x576.jpg 768w, https:\/\/www.mentlik.net\/wp-content\/uploads\/2022\/06\/DSC_0101-1536x1152.jpg 1536w, https:\/\/www.mentlik.net\/wp-content\/uploads\/2022\/06\/DSC_0101-2048x1536.jpg 2048w, https:\/\/www.mentlik.net\/wp-content\/uploads\/2022\/06\/DSC_0101-678x509.jpg 678w, https:\/\/www.mentlik.net\/wp-content\/uploads\/2022\/06\/DSC_0101-326x245.jpg 326w, https:\/\/www.mentlik.net\/wp-content\/uploads\/2022\/06\/DSC_0101-80x60.jpg 80w\" sizes=\"(max-width: 1024px) 100vw, 1024px\" \/><\/figure>\n\n\n\n<p>Prvn\u00ed poh\u0159eb na t\u0159ebo\u0148sk\u00e9m \u017eidovsk\u00e9m h\u0159bitov\u011b se konal dokonce ji\u017e o den d\u0159\u00edve. Posledn\u00ed m\u00edsto odpo\u010dinku tu na\u0161la Josef\u00edna, dcera Josefa Mauthnera z Klikova. Posledn\u00ed poh\u0159eb se tu konal v roce 1942. V dochovan\u00e9 h\u0159bitovn\u00ed knize je zaps\u00e1no 73 poh\u0159b\u016f.<\/p>\n\n\n\n<div class=\"wp-block-image\"><figure class=\"aligncenter size-large\"><img loading=\"lazy\" width=\"1024\" height=\"768\" src=\"https:\/\/www.mentlik.net\/wp-content\/uploads\/2022\/06\/DSC_0110-1024x768.jpg\" alt=\"\" class=\"wp-image-35\" srcset=\"https:\/\/www.mentlik.net\/wp-content\/uploads\/2022\/06\/DSC_0110-1024x768.jpg 1024w, https:\/\/www.mentlik.net\/wp-content\/uploads\/2022\/06\/DSC_0110-300x225.jpg 300w, https:\/\/www.mentlik.net\/wp-content\/uploads\/2022\/06\/DSC_0110-768x576.jpg 768w, https:\/\/www.mentlik.net\/wp-content\/uploads\/2022\/06\/DSC_0110-1536x1152.jpg 1536w, https:\/\/www.mentlik.net\/wp-content\/uploads\/2022\/06\/DSC_0110-2048x1536.jpg 2048w, https:\/\/www.mentlik.net\/wp-content\/uploads\/2022\/06\/DSC_0110-678x509.jpg 678w, https:\/\/www.mentlik.net\/wp-content\/uploads\/2022\/06\/DSC_0110-326x245.jpg 326w, https:\/\/www.mentlik.net\/wp-content\/uploads\/2022\/06\/DSC_0110-80x60.jpg 80w\" sizes=\"(max-width: 1024px) 100vw, 1024px\" \/><figcaption>Na plo\u0161e h\u0159bitova se nach\u00e1z\u00ed n\u00e1hrobek pom\u011brn\u011b v\u00fdznamn\u00e9 t\u0159ebo\u0148sk\u00e9 rodiny Metzl\u016f. Ludv\u00edk Metzl byl obchodn\u00edkem v T\u0159eboni a rovn\u011b\u017e starostou \u017eidovsk\u00e9 obce tamt\u00e9\u017e.<\/figcaption><\/figure><\/div>\n\n\n\n<p>Do hrobnick\u00e9ho domku jezd\u00edval na rekreaci otec herce Viktora Preisse. V roce 1994 zde zem\u0159el.<\/p>\n\n\n\n<p>Pokud se chcete na h\u0159bitov pod\u00edvat, je nutn\u00e9 si p\u0159edem vyzvednout kl\u00ed\u010de v pana Uhl\u00ed\u0159e v obci Star\u00e1 Hl\u00edna \u010d.p. 21<\/p>\n\n\n\n<figure class=\"wp-block-video\"><video controls src=\"https:\/\/www.mentlik.net\/wp-content\/uploads\/2022\/06\/MOV_0096.mp4\"><\/video><\/figure>\n\n\n\n<hr class=\"wp-block-separator\"\/>\n\n\n\n<h2>Mapa<\/h2>\n\n\n\n<iframe src=\"https:\/\/www.google.com\/maps\/embed?pb=!1m18!1m12!1m3!1d10465.516791906448!2d14.792808557445912!3d49.02239454291443!2m3!1f0!2f0!3f0!3m2!1i1024!2i768!4f13.1!3m3!1m2!1s0x0%3A0x1d6ef5ca059114cd!2zxb1pZG92c2vDvSBoxZliaXRvdiBUxZllYm_FiA!5e0!3m2!1scs!2scz!4v1655282522509!5m2!1scs!2scz\" width=\"600\" height=\"450\" style=\"border:0;\" allowfullscreen=\"\" loading=\"lazy\" referrerpolicy=\"no-referrer-when-downgrade\"><\/iframe>\n\n\n\n<h2>Odkazy<\/h2>\n\n\n\n<ul><li><a rel=\"noreferrer noopener\" href=\"https:\/\/pamatkovykatalog.cz\/zidovsky-hrbitov-20680613\" target=\"_blank\">Pam\u00e1tkov\u00fd katalog \u010cR &#8211; \u017didovsk\u00fd <\/a><a href=\"https:\/\/pamatkovykatalog.cz\/zidovsky-hrbitov-20680613\" target=\"_blank\" rel=\"noreferrer noopener\">h\u0159bitov<\/a><a rel=\"noreferrer noopener\" href=\"https:\/\/pamatkovykatalog.cz\/zidovsky-hrbitov-20680613\" target=\"_blank\"> &#8211; T\u0159ebo\u0148<\/a><\/li><li><a href=\"https:\/\/cs.wikipedia.org\/wiki\/%C5%BDidovsk%C3%BD_h%C5%99bitov_v_T%C5%99eboni\" target=\"_blank\" rel=\"noreferrer noopener\">\u017didovsk\u00fd h\u0159bitov v T\u0159eboni (Wikipedie)<\/a><\/li><\/ul>\n\n\n\n<p><\/p>\n","protected":false},"excerpt":{"rendered":"<div class=\"mh-excerpt\"><p>Nepo\u010detn\u00e9 \u017eidovsk\u00e9 os\u00eddlen\u00ed je v T\u0159eboni dolo\u017eeno od posledn\u00ed \u010dtvrtiny 18. stolet\u00ed, dal\u0161\u00ed rodiny z okoln\u00edho venkova se sm\u011bly ve m\u011bst\u011b usazovat a\u017e od poloviny <a class=\"mh-excerpt-more\" href=\"https:\/\/www.mentlik.net\/index.php\/2022\/06\/15\/zidovsky-hrbitov-trebon\/\" title=\"\u017didovsk\u00fd h\u0159bitov T\u0159ebo\u0148\">[&#8230;]<\/a><\/p>\n<\/div>","protected":false},"author":1,"featured_media":34,"comment_status":"open","ping_status":"open","sticky":false,"template":"","format":"standard","meta":[],"categories":[2],"tags":[5,4,3],"_links":{"self":[{"href":"https:\/\/www.mentlik.net\/index.php\/wp-json\/wp\/v2\/posts\/33"}],"collection":[{"href":"https:\/\/www.mentlik.net\/index.php\/wp-json\/wp\/v2\/posts"}],"about":[{"href":"https:\/\/www.mentlik.net\/index.php\/wp-json\/wp\/v2\/types\/post"}],"author":[{"embeddable":true,"href":"https:\/\/www.mentlik.net\/index.php\/wp-json\/wp\/v2\/users\/1"}],"replies":[{"embeddable":true,"href":"https:\/\/www.mentlik.net\/index.php\/wp-json\/wp\/v2\/comments?post=33"}],"version-history":[{"count":5,"href":"https:\/\/www.mentlik.net\/index.php\/wp-json\/wp\/v2\/posts\/33\/revisions"}],"predecessor-version":[{"id":59,"href":"https:\/\/www.mentlik.net\/index.php\/wp-json\/wp\/v2\/posts\/33\/revisions\/59"}],"wp:featuredmedia":[{"embeddable":true,"href":"https:\/\/www.mentlik.net\/index.php\/wp-json\/wp\/v2\/media\/34"}],"wp:attachment":[{"href":"https:\/\/www.mentlik.net\/index.php\/wp-json\/wp\/v2\/media?parent=33"}],"wp:term":[{"taxonomy":"category","embeddable":true,"href":"https:\/\/www.mentlik.net\/index.php\/wp-json\/wp\/v2\/categories?post=33"},{"taxonomy":"post_tag","embeddable":true,"href":"https:\/\/www.mentlik.net\/index.php\/wp-json\/wp\/v2\/tags?post=33"}],"curies":[{"name":"wp","href":"https:\/\/api.w.org\/{rel}","templated":true}]}}