{"id":104,"date":"2022-06-24T11:44:46","date_gmt":"2022-06-24T11:44:46","guid":{"rendered":"https:\/\/www.mentlik.net\/?p=104"},"modified":"2022-06-24T11:44:46","modified_gmt":"2022-06-24T11:44:46","slug":"zidovsky-hrbitov-trebic","status":"publish","type":"post","link":"https:\/\/www.mentlik.net\/index.php\/2022\/06\/24\/zidovsky-hrbitov-trebic\/","title":{"rendered":"\u017didovsk\u00fd h\u0159bitov T\u0159eb\u00ed\u010d"},"content":{"rendered":"\n<p>\u017didovsk\u00fd h\u0159bitov v T\u0159eb\u00ed\u010di pat\u0159\u00ed k nejv\u011bt\u0161\u00edm v \u010cesk\u00e9 republice. Rozkl\u00e1d\u00e1 se na severn\u00ed str\u00e1ni Hr\u00e1dku na celkov\u00e9 plo\u0161e 11 678 m\u00b2. Lze na n\u011bm naj\u00edt 2600 n\u00e1hrobk\u016f, z nich\u017e je nejstar\u0161\u00ed dosud \u010diteln\u00fd datov\u00e1n rokem 1631. Pochov\u00e1no zde bylo asi 11 000 lid\u00ed.<\/p>\n\n\n\n<figure class=\"wp-block-image size-large\"><img loading=\"lazy\" width=\"1024\" height=\"576\" src=\"https:\/\/www.mentlik.net\/wp-content\/uploads\/2022\/06\/DSC_0521-1024x576.jpg\" alt=\"\" class=\"wp-image-106\" srcset=\"https:\/\/www.mentlik.net\/wp-content\/uploads\/2022\/06\/DSC_0521-1024x576.jpg 1024w, https:\/\/www.mentlik.net\/wp-content\/uploads\/2022\/06\/DSC_0521-300x169.jpg 300w, https:\/\/www.mentlik.net\/wp-content\/uploads\/2022\/06\/DSC_0521-768x432.jpg 768w, https:\/\/www.mentlik.net\/wp-content\/uploads\/2022\/06\/DSC_0521-1536x864.jpg 1536w, https:\/\/www.mentlik.net\/wp-content\/uploads\/2022\/06\/DSC_0521-2048x1152.jpg 2048w, https:\/\/www.mentlik.net\/wp-content\/uploads\/2022\/06\/DSC_0521-678x381.jpg 678w\" sizes=\"(max-width: 1024px) 100vw, 1024px\" \/><\/figure>\n\n\n\n<p>H\u0159bitov byl zalo\u017een v 2. polovin\u011b 15. stolet\u00ed. Asi do roku 1468 \u017eid\u00e9 pravd\u011bpodobn\u011b poh\u0159b\u00edvali sv\u00e9 zesnul\u00e9 p\u0159\u00edmo p\u0159i kl\u00e1\u0161tern\u00ed zdi. Tamn\u00ed poh\u0159ebi\u0161t\u011b bylo zru\u0161eno a nov\u00e9 um\u00edst\u011bno na odvr\u00e1cen\u00e9, severn\u00ed sva\u017eit\u00e9 stran\u011b Hr\u00e1dku. Kdy\u017e roku 1888 do\u0161lo k pr\u016ftr\u017ei mra\u010den a povodni, v jejich\u017e d\u016fsledku byly n\u011bkter\u00e9 hroby vyplaveny, byl h\u0159bitov roz\u0161\u00ed\u0159en ji\u017en\u00edm sm\u011brem (nov\u00e1 \u010d\u00e1st h\u0159bitova). V t\u00e9to \u010d\u00e1sti stoj\u00ed pam\u00e1tn\u00edky ob\u011btem prvn\u00ed sv\u011btov\u00e9 v\u00e1lky (z roku 1922, 20 ob\u011btem) i druh\u00e9 sv\u011btov\u00e9 v\u00e1lky (z roku 1957, 290 ob\u011btem).<\/p>\n\n\n\n<figure class=\"wp-block-image size-large\"><img loading=\"lazy\" width=\"1024\" height=\"576\" src=\"https:\/\/www.mentlik.net\/wp-content\/uploads\/2022\/06\/DSC_0498-1024x576.jpg\" alt=\"\" class=\"wp-image-108\" srcset=\"https:\/\/www.mentlik.net\/wp-content\/uploads\/2022\/06\/DSC_0498-1024x576.jpg 1024w, https:\/\/www.mentlik.net\/wp-content\/uploads\/2022\/06\/DSC_0498-300x169.jpg 300w, https:\/\/www.mentlik.net\/wp-content\/uploads\/2022\/06\/DSC_0498-768x432.jpg 768w, https:\/\/www.mentlik.net\/wp-content\/uploads\/2022\/06\/DSC_0498-1536x864.jpg 1536w, https:\/\/www.mentlik.net\/wp-content\/uploads\/2022\/06\/DSC_0498-2048x1152.jpg 2048w, https:\/\/www.mentlik.net\/wp-content\/uploads\/2022\/06\/DSC_0498-678x381.jpg 678w\" sizes=\"(max-width: 1024px) 100vw, 1024px\" \/><\/figure>\n\n\n\n<p>K nejhodnotn\u011bj\u0161\u00edm pat\u0159\u00ed barokn\u00ed n\u00e1hrobky takzvan\u00e9ho jihomoravsk\u00e9ho \u010di mikulovsk\u00e9ho typu z poloviny 18. stolet\u00ed, bohat\u011b zdoben\u00e9 ornament\u00e1ln\u00edmi prvky. Na zdej\u0161\u00edm h\u0159bitov\u011b se aktivn\u011b poh\u0159b\u00edvalo a\u017e do poloviny 20. stolet\u00ed.<\/p>\n\n\n\n<figure class=\"wp-block-image size-large\"><img loading=\"lazy\" width=\"1024\" height=\"576\" src=\"https:\/\/www.mentlik.net\/wp-content\/uploads\/2022\/06\/DSC_0501-1024x576.jpg\" alt=\"\" class=\"wp-image-109\" srcset=\"https:\/\/www.mentlik.net\/wp-content\/uploads\/2022\/06\/DSC_0501-1024x576.jpg 1024w, https:\/\/www.mentlik.net\/wp-content\/uploads\/2022\/06\/DSC_0501-300x169.jpg 300w, https:\/\/www.mentlik.net\/wp-content\/uploads\/2022\/06\/DSC_0501-768x432.jpg 768w, https:\/\/www.mentlik.net\/wp-content\/uploads\/2022\/06\/DSC_0501-1536x864.jpg 1536w, https:\/\/www.mentlik.net\/wp-content\/uploads\/2022\/06\/DSC_0501-2048x1152.jpg 2048w, https:\/\/www.mentlik.net\/wp-content\/uploads\/2022\/06\/DSC_0501-678x381.jpg 678w\" sizes=\"(max-width: 1024px) 100vw, 1024px\" \/><\/figure>\n\n\n\n<p>D\u016fstojn\u00fd poh\u0159eb obyvatel ghetta obstar\u00e1valo tzv. Svat\u00e9 bratrstvo (chevra kadi\u0161a), je\u017e se staralo o zesnul\u00e9, nemocn\u00e9 a o nejchud\u0161\u00ed p\u0159\u00edslu\u0161n\u00edky obce. \u010clenstv\u00ed v bratrstvu bylo pova\u017eov\u00e1no za spole\u010denskou poctu bez ohledu na majetek \u010di soci\u00e1ln\u00ed status.<\/p>\n\n\n\n<figure class=\"wp-container-2 wp-block-gallery-1 wp-block-gallery has-nested-images columns-default is-cropped\">\n<figure class=\"wp-block-image size-large\"><img loading=\"lazy\" width=\"576\" height=\"1024\" data-id=\"111\"  src=\"https:\/\/www.mentlik.net\/wp-content\/uploads\/2022\/06\/DSC_0522-576x1024.jpg\" alt=\"\" class=\"wp-image-111\" srcset=\"https:\/\/www.mentlik.net\/wp-content\/uploads\/2022\/06\/DSC_0522-576x1024.jpg 576w, https:\/\/www.mentlik.net\/wp-content\/uploads\/2022\/06\/DSC_0522-169x300.jpg 169w, https:\/\/www.mentlik.net\/wp-content\/uploads\/2022\/06\/DSC_0522-768x1365.jpg 768w, https:\/\/www.mentlik.net\/wp-content\/uploads\/2022\/06\/DSC_0522-864x1536.jpg 864w, https:\/\/www.mentlik.net\/wp-content\/uploads\/2022\/06\/DSC_0522-1152x2048.jpg 1152w, https:\/\/www.mentlik.net\/wp-content\/uploads\/2022\/06\/DSC_0522-scaled.jpg 1440w\" sizes=\"(max-width: 576px) 100vw, 576px\" \/><\/figure>\n\n\n\n<figure class=\"wp-block-image size-large\"><img loading=\"lazy\" width=\"576\" height=\"1024\" data-id=\"110\"  src=\"https:\/\/www.mentlik.net\/wp-content\/uploads\/2022\/06\/DSC_0523-576x1024.jpg\" alt=\"\" class=\"wp-image-110\" srcset=\"https:\/\/www.mentlik.net\/wp-content\/uploads\/2022\/06\/DSC_0523-576x1024.jpg 576w, https:\/\/www.mentlik.net\/wp-content\/uploads\/2022\/06\/DSC_0523-169x300.jpg 169w, https:\/\/www.mentlik.net\/wp-content\/uploads\/2022\/06\/DSC_0523-768x1365.jpg 768w, https:\/\/www.mentlik.net\/wp-content\/uploads\/2022\/06\/DSC_0523-864x1536.jpg 864w, https:\/\/www.mentlik.net\/wp-content\/uploads\/2022\/06\/DSC_0523-1152x2048.jpg 1152w, https:\/\/www.mentlik.net\/wp-content\/uploads\/2022\/06\/DSC_0523-scaled.jpg 1440w\" sizes=\"(max-width: 576px) 100vw, 576px\" \/><\/figure>\n\n\n\n<figure class=\"wp-block-image size-large\"><img loading=\"lazy\" width=\"576\" height=\"1024\" data-id=\"114\"  src=\"https:\/\/www.mentlik.net\/wp-content\/uploads\/2022\/06\/DSC_0504-576x1024.jpg\" alt=\"\" class=\"wp-image-114\" srcset=\"https:\/\/www.mentlik.net\/wp-content\/uploads\/2022\/06\/DSC_0504-576x1024.jpg 576w, https:\/\/www.mentlik.net\/wp-content\/uploads\/2022\/06\/DSC_0504-169x300.jpg 169w, https:\/\/www.mentlik.net\/wp-content\/uploads\/2022\/06\/DSC_0504-768x1365.jpg 768w, https:\/\/www.mentlik.net\/wp-content\/uploads\/2022\/06\/DSC_0504-864x1536.jpg 864w, https:\/\/www.mentlik.net\/wp-content\/uploads\/2022\/06\/DSC_0504-1152x2048.jpg 1152w, https:\/\/www.mentlik.net\/wp-content\/uploads\/2022\/06\/DSC_0504-scaled.jpg 1440w\" sizes=\"(max-width: 576px) 100vw, 576px\" \/><\/figure>\n<\/figure>\n\n\n\n<p>V bl\u00edzkosti vchodu na h\u0159bitov byla v roce 1903 vybudov\u00e1na nov\u00e1 ob\u0159adn\u00ed s\u00ed\u0148.<\/p>\n\n\n<div class=\"wp-block-image\">\n<figure class=\"aligncenter size-large\"><img loading=\"lazy\" width=\"576\" height=\"1024\" src=\"https:\/\/www.mentlik.net\/wp-content\/uploads\/2022\/06\/DSC_0530-576x1024.jpg\" alt=\"\" class=\"wp-image-113\" srcset=\"https:\/\/www.mentlik.net\/wp-content\/uploads\/2022\/06\/DSC_0530-576x1024.jpg 576w, https:\/\/www.mentlik.net\/wp-content\/uploads\/2022\/06\/DSC_0530-169x300.jpg 169w, https:\/\/www.mentlik.net\/wp-content\/uploads\/2022\/06\/DSC_0530-768x1365.jpg 768w, https:\/\/www.mentlik.net\/wp-content\/uploads\/2022\/06\/DSC_0530-864x1536.jpg 864w, https:\/\/www.mentlik.net\/wp-content\/uploads\/2022\/06\/DSC_0530-1152x2048.jpg 1152w, https:\/\/www.mentlik.net\/wp-content\/uploads\/2022\/06\/DSC_0530-scaled.jpg 1440w\" sizes=\"(max-width: 576px) 100vw, 576px\" \/><\/figure><\/div>\n\n\n<hr class=\"wp-block-separator has-alpha-channel-opacity\"\/>\n\n\n\n<h2>Mapa<\/h2>\n\n\n\n<iframe src=\"https:\/\/www.google.com\/maps\/embed?pb=!1m18!1m12!1m3!1d2605.9544897549085!2d15.876440116111901!3d49.220390179324816!2m3!1f0!2f0!3f0!3m2!1i1024!2i768!4f13.1!3m3!1m2!1s0x470d4231004d644d%3A0x6e83f49aee8ef896!2zVMWZZWLDrcSNIC0gxb5pZG92c2vDvSBoxZliaXRvdg!5e0!3m2!1scs!2scz!4v1656070742578!5m2!1scs!2scz\" width=\"600\" height=\"450\" style=\"border:0;\" allowfullscreen=\"\" loading=\"lazy\" referrerpolicy=\"no-referrer-when-downgrade\"><\/iframe>\n\n\n\n<h2>Odkazy<\/h2>\n\n\n\n<ul><li><a href=\"https:\/\/pamatkovykatalog.cz\/zidovsky-hrbitov-698646\" target=\"_blank\" rel=\"noreferrer noopener\">\u017didovsk\u00fd h\u0159bitov T\u0159eb\u00ed\u010d (NP\u00da)<\/a><\/li><li><a rel=\"noreferrer noopener\" href=\"https:\/\/cs.wikipedia.org\/wiki\/%C5%BDidovsk%C3%BD_h%C5%99bitov_v_T%C5%99eb%C3%AD%C4%8Di\" target=\"_blank\">\u017didovsk\u00fd h\u0159bitov T\u0159eb\u00ed\u010d (Wikipedie)<\/a><\/li><li><a rel=\"noreferrer noopener\" href=\"https:\/\/www.kr-vysocina.cz\/trebic-zidovsky-hrbitov\/d-1006225\/p1=80618\" target=\"_blank\">T\u0159eb\u00ed\u010d &#8211; \u017didovsk\u00fd h\u0159bitov (Kraj Vyso\u010dina)<\/a><\/li><\/ul>\n","protected":false},"excerpt":{"rendered":"<div class=\"mh-excerpt\"><p>\u017didovsk\u00fd h\u0159bitov v T\u0159eb\u00ed\u010di pat\u0159\u00ed k nejv\u011bt\u0161\u00edm v \u010cesk\u00e9 republice. Rozkl\u00e1d\u00e1 se na severn\u00ed str\u00e1ni Hr\u00e1dku na celkov\u00e9 plo\u0161e 11 678 m\u00b2. Lze na n\u011bm <a class=\"mh-excerpt-more\" href=\"https:\/\/www.mentlik.net\/index.php\/2022\/06\/24\/zidovsky-hrbitov-trebic\/\" title=\"\u017didovsk\u00fd h\u0159bitov T\u0159eb\u00ed\u010d\">[&#8230;]<\/a><\/p>\n<\/div>","protected":false},"author":1,"featured_media":107,"comment_status":"open","ping_status":"","sticky":false,"template":"","format":"standard","meta":[],"categories":[2],"tags":[5,4,3],"_links":{"self":[{"href":"https:\/\/www.mentlik.net\/index.php\/wp-json\/wp\/v2\/posts\/104"}],"collection":[{"href":"https:\/\/www.mentlik.net\/index.php\/wp-json\/wp\/v2\/posts"}],"about":[{"href":"https:\/\/www.mentlik.net\/index.php\/wp-json\/wp\/v2\/types\/post"}],"author":[{"embeddable":true,"href":"https:\/\/www.mentlik.net\/index.php\/wp-json\/wp\/v2\/users\/1"}],"replies":[{"embeddable":true,"href":"https:\/\/www.mentlik.net\/index.php\/wp-json\/wp\/v2\/comments?post=104"}],"version-history":[{"count":1,"href":"https:\/\/www.mentlik.net\/index.php\/wp-json\/wp\/v2\/posts\/104\/revisions"}],"predecessor-version":[{"id":115,"href":"https:\/\/www.mentlik.net\/index.php\/wp-json\/wp\/v2\/posts\/104\/revisions\/115"}],"wp:featuredmedia":[{"embeddable":true,"href":"https:\/\/www.mentlik.net\/index.php\/wp-json\/wp\/v2\/media\/107"}],"wp:attachment":[{"href":"https:\/\/www.mentlik.net\/index.php\/wp-json\/wp\/v2\/media?parent=104"}],"wp:term":[{"taxonomy":"category","embeddable":true,"href":"https:\/\/www.mentlik.net\/index.php\/wp-json\/wp\/v2\/categories?post=104"},{"taxonomy":"post_tag","embeddable":true,"href":"https:\/\/www.mentlik.net\/index.php\/wp-json\/wp\/v2\/tags?post=104"}],"curies":[{"name":"wp","href":"https:\/\/api.w.org\/{rel}","templated":true}]}}